{"id":10513,"date":"2026-09-02T18:44:04","date_gmt":"2026-09-02T16:44:04","guid":{"rendered":"https:\/\/sp5siemianowice.pl\/?p=10513"},"modified":"2026-09-02T18:44:04","modified_gmt":"2026-09-02T16:44:04","slug":"szkoly-pelne-talentow","status":"publish","type":"post","link":"https:\/\/sp5siemianowice.pl\/?p=10513","title":{"rendered":"Szko\u0142y Pe\u0142ne talent\u00f3w"},"content":{"rendered":"<p>Drodzy Rodzice, Uczniowie i Przyjaciele Siemianowickiej Pi\u0105teczki! \ud83e\udd1a<br \/>\nWraz z rozpocz\u0119ciem nowego roku szkolnego rusza kolejna edycja programu \u201eSzko\u0142y Pe\u0142ne Talent\u00f3w\u201d! \u2728W poprzednich latach dzi\u0119ki Waszemu zaanga\u017cowaniu uda\u0142o nam si\u0119 zdoby\u0107 wyposa\u017cenie, kt\u00f3re na co dzie\u0144 s\u0142u\u017cy naszym uczniom.\ud83d\udc99<br \/>\n\ud83d\udcf2 Talenciaka mo\u017cna przypisa\u0107 na trzy sposoby:<br \/>\n1\ufe0f\u20e3 Przynie\u015b\u0107 Talenciaka do szko\u0142y i wrzuci\u0107 go do specjalnego pude\u0142ka znajduj\u0105cego si\u0119 przy wej\u015bciu do szko\u0142y oraz w \u015bwietlicy. \ud83d\udce6<br \/>\n2\ufe0f\u20e3 Zarejestrowa\u0107 Talenciaka na stronie:<br \/>\n\ud83c\udf10 <a class=\"moz-txt-link-abbreviated\" href=\"http:\/\/www.lidl.pl\/szkoly\">www.lidl.pl\/szkoly<\/a><br \/>\nwpisuj\u0105c znajduj\u0105cy si\u0119 na kuponie kod.<br \/>\n3\ufe0f\u20e3 Zeskanowa\u0107 kod QR znajduj\u0105cy si\u0119 na Talenciaku i wybra\u0107 nasz\u0105 szko\u0142\u0119.<br \/>\nProsimy, aby do pude\u0142ek trafia\u0142y wy\u0142\u0105cznie Talenciaki, kt\u00f3re nie zosta\u0142y wcze\u015bniej zarejestrowane.<br \/>\n\ud83d\udcc5 Kupony mo\u017cna odbiera\u0107 od 1 wrze\u015bnia do 31 pa\u017adziernika.<br \/>\n\ud83d\udcc5 Rejestracja trwa do 15 listopada.<br \/>\nJu\u017c dzi\u015b dzi\u0119kujemy za Wasze wsparcie, zaanga\u017cowanie i ka\u017cd\u0105 przekazan\u0105 \u201ecegie\u0142k\u0119\u201d dla naszej szko\u0142y! \ud83e\udd70\ud83d\udc99<\/p>\n<p><img fetchpriority=\"high\" decoding=\"async\" class=\"aligncenter size-large wp-image-10512\" src=\"http:\/\/sp5siemianowice.pl\/wp-content\/uploads\/2026\/09\/Szkoly-Pelne-Talentow-4-759x1024.jpg\" alt=\"\" width=\"680\" height=\"917\" srcset=\"https:\/\/sp5siemianowice.pl\/wp-content\/uploads\/2026\/09\/Szkoly-Pelne-Talentow-4-759x1024.jpg 759w, https:\/\/sp5siemianowice.pl\/wp-content\/uploads\/2026\/09\/Szkoly-Pelne-Talentow-4-222x300.jpg 222w, https:\/\/sp5siemianowice.pl\/wp-content\/uploads\/2026\/09\/Szkoly-Pelne-Talentow-4-768x1036.jpg 768w, https:\/\/sp5siemianowice.pl\/wp-content\/uploads\/2026\/09\/Szkoly-Pelne-Talentow-4.jpg 899w\" sizes=\"(max-width: 680px) 100vw, 680px\" \/><\/p>\n","protected":false},"excerpt":{"rendered":"<p>Drodzy Rodzice, Uczniowie i Przyjaciele Siemianowickiej Pi\u0105teczki! \ud83e\udd1a Wraz z rozpocz\u0119ciem nowego roku szkolnego rusza kolejna edycja programu \u201eSzko\u0142y Pe\u0142ne Talent\u00f3w\u201d! \u2728W poprzednich latach dzi\u0119ki Waszemu zaanga\u017cowaniu uda\u0142o nam si\u0119 zdoby\u0107 wyposa\u017cenie, kt\u00f3re na co dzie\u0144 s\u0142u\u017cy naszym uczniom.\ud83d\udc99 \ud83d\udcf2 [&hellip;]<\/p>\n","protected":false},"author":2,"featured_media":0,"comment_status":"closed","ping_status":"closed","sticky":false,"template":"","format":"standard","meta":{"footnotes":""},"categories":[1],"tags":[],"class_list":["post-10513","post","type-post","status-publish","format-standard","hentry","category-bez-kategorii"],"_links":{"self":[{"href":"https:\/\/sp5siemianowice.pl\/index.php?rest_route=\/wp\/v2\/posts\/10513","targetHints":{"allow":["GET"]}}],"collection":[{"href":"https:\/\/sp5siemianowice.pl\/index.php?rest_route=\/wp\/v2\/posts"}],"about":[{"href":"https:\/\/sp5siemianowice.pl\/index.php?rest_route=\/wp\/v2\/types\/post"}],"author":[{"embeddable":true,"href":"https:\/\/sp5siemianowice.pl\/index.php?rest_route=\/wp\/v2\/users\/2"}],"replies":[{"embeddable":true,"href":"https:\/\/sp5siemianowice.pl\/index.php?rest_route=%2Fwp%2Fv2%2Fcomments&post=10513"}],"version-history":[{"count":1,"href":"https:\/\/sp5siemianowice.pl\/index.php?rest_route=\/wp\/v2\/posts\/10513\/revisions"}],"predecessor-version":[{"id":10514,"href":"https:\/\/sp5siemianowice.pl\/index.php?rest_route=\/wp\/v2\/posts\/10513\/revisions\/10514"}],"wp:attachment":[{"href":"https:\/\/sp5siemianowice.pl\/index.php?rest_route=%2Fwp%2Fv2%2Fmedia&parent=10513"}],"wp:term":[{"taxonomy":"category","embeddable":true,"href":"https:\/\/sp5siemianowice.pl\/index.php?rest_route=%2Fwp%2Fv2%2Fcategories&post=10513"},{"taxonomy":"post_tag","embeddable":true,"href":"https:\/\/sp5siemianowice.pl\/index.php?rest_route=%2Fwp%2Fv2%2Ftags&post=10513"}],"curies":[{"name":"wp","href":"https:\/\/api.w.org\/{rel}","templated":true}]}}