{"id":9671,"date":"2026-01-27T14:59:19","date_gmt":"2026-01-27T13:59:19","guid":{"rendered":"https:\/\/sp5siemianowice.pl\/?p=9671"},"modified":"2026-01-27T14:59:19","modified_gmt":"2026-01-27T13:59:19","slug":"bezpieczne-ferie-zimowe-zajecia-edukacyjne-w-klasie-1a","status":"publish","type":"post","link":"https:\/\/sp5siemianowice.pl\/?p=9671","title":{"rendered":"Bezpieczne ferie zimowe \u2013 zaj\u0119cia edukacyjne w klasie 1a"},"content":{"rendered":"<p>W klasie 1a odby\u0142y si\u0119 dwie lekcje po\u015bwi\u0119cone tematyce bezpiecze\u0144stwa podczas ferii zimowych. Zaj\u0119cia mia\u0142y na celu u\u015bwiadomienie uczniom, jak w bezpieczny spos\u00f3b sp\u0119dza\u0107 czas wolny w okresie zimowym, zar\u00f3wno podczas zabaw na \u015bwie\u017cym powietrzu, jak i w domu. Dzieci zapozna\u0142y si\u0119 z zasadami bezpiecznej zabawy na \u015bniegu i lodzie, w\u0142a\u015bciwego zachowania w pobli\u017cu dr\u00f3g, a tak\u017ce z zasadami ostro\u017cno\u015bci w kontaktach z nieznajomymi.<\/p>\n<p>Uczniowie aktywnie uczestniczyli w rozmowach, ch\u0119tnie dzielili si\u0119 w\u0142asnymi do\u015bwiadczeniami oraz odpowiadali na pytania nauczyciela. W dalszej cz\u0119\u015bci zaj\u0119\u0107 dzieci kolorowa\u0142y kolorowanki tematyczne zwi\u0105zane z bezpiecze\u0144stwem podczas ferii zimowych. Prace uczni\u00f3w zosta\u0142y starannie wykonane i nast\u0119pnie zaprezentowane na korytarzu szkolnym, gdzie stanowi\u0105 element dekoracji oraz przypomnienie zasad bezpiecznego wypoczynku zimowego.<\/p>\n<p><img fetchpriority=\"high\" decoding=\"async\" class=\"aligncenter size-large wp-image-9670\" src=\"http:\/\/sp5siemianowice.pl\/wp-content\/uploads\/2026\/01\/IMG_20260122_112000-1024x150.jpg\" alt=\"\" width=\"680\" height=\"100\" srcset=\"https:\/\/sp5siemianowice.pl\/wp-content\/uploads\/2026\/01\/IMG_20260122_112000-1024x150.jpg 1024w, https:\/\/sp5siemianowice.pl\/wp-content\/uploads\/2026\/01\/IMG_20260122_112000-300x44.jpg 300w, https:\/\/sp5siemianowice.pl\/wp-content\/uploads\/2026\/01\/IMG_20260122_112000-768x112.jpg 768w, https:\/\/sp5siemianowice.pl\/wp-content\/uploads\/2026\/01\/IMG_20260122_112000.jpg 1238w\" sizes=\"(max-width: 680px) 100vw, 680px\" \/><\/p>\n<p><img decoding=\"async\" class=\"aligncenter size-large wp-image-9669\" src=\"http:\/\/sp5siemianowice.pl\/wp-content\/uploads\/2026\/01\/IMG_20260122_104647-1024x768.jpg\" alt=\"\" width=\"680\" height=\"510\" srcset=\"https:\/\/sp5siemianowice.pl\/wp-content\/uploads\/2026\/01\/IMG_20260122_104647-1024x768.jpg 1024w, https:\/\/sp5siemianowice.pl\/wp-content\/uploads\/2026\/01\/IMG_20260122_104647-300x225.jpg 300w, https:\/\/sp5siemianowice.pl\/wp-content\/uploads\/2026\/01\/IMG_20260122_104647-768x576.jpg 768w, https:\/\/sp5siemianowice.pl\/wp-content\/uploads\/2026\/01\/IMG_20260122_104647-1536x1152.jpg 1536w, https:\/\/sp5siemianowice.pl\/wp-content\/uploads\/2026\/01\/IMG_20260122_104647-2048x1536.jpg 2048w\" sizes=\"(max-width: 680px) 100vw, 680px\" \/><\/p>\n<p>&nbsp;<\/p>\n","protected":false},"excerpt":{"rendered":"<p>W klasie 1a odby\u0142y si\u0119 dwie lekcje po\u015bwi\u0119cone tematyce bezpiecze\u0144stwa podczas ferii zimowych. Zaj\u0119cia mia\u0142y na celu u\u015bwiadomienie uczniom, jak w bezpieczny spos\u00f3b sp\u0119dza\u0107 czas wolny w okresie zimowym, zar\u00f3wno podczas zabaw na \u015bwie\u017cym powietrzu, jak i w domu. Dzieci [&hellip;]<\/p>\n","protected":false},"author":2,"featured_media":0,"comment_status":"closed","ping_status":"closed","sticky":false,"template":"","format":"standard","meta":{"footnotes":""},"categories":[1],"tags":[],"class_list":["post-9671","post","type-post","status-publish","format-standard","hentry","category-bez-kategorii"],"_links":{"self":[{"href":"https:\/\/sp5siemianowice.pl\/index.php?rest_route=\/wp\/v2\/posts\/9671","targetHints":{"allow":["GET"]}}],"collection":[{"href":"https:\/\/sp5siemianowice.pl\/index.php?rest_route=\/wp\/v2\/posts"}],"about":[{"href":"https:\/\/sp5siemianowice.pl\/index.php?rest_route=\/wp\/v2\/types\/post"}],"author":[{"embeddable":true,"href":"https:\/\/sp5siemianowice.pl\/index.php?rest_route=\/wp\/v2\/users\/2"}],"replies":[{"embeddable":true,"href":"https:\/\/sp5siemianowice.pl\/index.php?rest_route=%2Fwp%2Fv2%2Fcomments&post=9671"}],"version-history":[{"count":1,"href":"https:\/\/sp5siemianowice.pl\/index.php?rest_route=\/wp\/v2\/posts\/9671\/revisions"}],"predecessor-version":[{"id":9672,"href":"https:\/\/sp5siemianowice.pl\/index.php?rest_route=\/wp\/v2\/posts\/9671\/revisions\/9672"}],"wp:attachment":[{"href":"https:\/\/sp5siemianowice.pl\/index.php?rest_route=%2Fwp%2Fv2%2Fmedia&parent=9671"}],"wp:term":[{"taxonomy":"category","embeddable":true,"href":"https:\/\/sp5siemianowice.pl\/index.php?rest_route=%2Fwp%2Fv2%2Fcategories&post=9671"},{"taxonomy":"post_tag","embeddable":true,"href":"https:\/\/sp5siemianowice.pl\/index.php?rest_route=%2Fwp%2Fv2%2Ftags&post=9671"}],"curies":[{"name":"wp","href":"https:\/\/api.w.org\/{rel}","templated":true}]}}